{"id":356,"date":"2019-04-08T05:53:49","date_gmt":"2019-04-08T05:53:49","guid":{"rendered":"https:\/\/pizarraytiza.com\/?p=356"},"modified":"2019-04-08T05:53:49","modified_gmt":"2019-04-08T05:53:49","slug":"prueba-de-acceso-a-ciclos-formativos","status":"publish","type":"post","link":"https:\/\/pizarraytiza.com\/index.php\/2019\/04\/08\/prueba-de-acceso-a-ciclos-formativos\/","title":{"rendered":"PRUEBA DE ACCESO A CICLOS FORMATIVOS"},"content":{"rendered":"<p>Lunes, 8 de abril.<\/p>\n<p>El BOE publica la Resoluci\u00f3n por la que se convoca la celebraci\u00f3n de la prueba de acceso a los ciclos formativos de grado medio y de grado superior de la formaci\u00f3n profesional del sistema educativo, en el \u00e1mbito de gesti\u00f3n del Ministerio de Educaci\u00f3n y Formaci\u00f3n Profesional.<\/p>\n<p><strong><a href=\"https:\/\/www.boe.es\/boe\/dias\/2019\/04\/08\/pdfs\/BOE-A-2019-5217.pdf\">ENLACE<\/a><\/strong><\/p>\n","protected":false},"excerpt":{"rendered":"<p>Lunes, 8 de abril. El BOE publica la Resoluci\u00f3n por la que se convoca la&#8230;<\/p>\n","protected":false},"author":1,"featured_media":9,"comment_status":"open","ping_status":"open","sticky":false,"template":"","format":"standard","meta":{"spay_email":"","jetpack_publicize_message":"","jetpack_is_tweetstorm":false,"jetpack_publicize_feature_enabled":true},"categories":[8],"tags":[],"yoast_head":"<!-- This site is optimized with the Yoast SEO plugin v17.8 - https:\/\/yoast.com\/wordpress\/plugins\/seo\/ -->\n<title>PRUEBA DE ACCESO A CICLOS FORMATIVOS - Pizarra y tiza<\/title>\n<meta name=\"robots\" content=\"index, follow, max-snippet:-1, max-image-preview:large, max-video-preview:-1\" \/>\n<link rel=\"canonical\" href=\"https:\/\/pizarraytiza.com\/index.php\/2019\/04\/08\/prueba-de-acceso-a-ciclos-formativos\/\" \/>\n<meta property=\"og:locale\" content=\"es_ES\" \/>\n<meta property=\"og:type\" content=\"article\" \/>\n<meta property=\"og:title\" content=\"PRUEBA DE ACCESO A CICLOS FORMATIVOS - Pizarra y tiza\" \/>\n<meta property=\"og:description\" content=\"Lunes, 8 de abril. El BOE publica la Resoluci\u00f3n por la que se convoca la...\" \/>\n<meta property=\"og:url\" content=\"https:\/\/pizarraytiza.com\/index.php\/2019\/04\/08\/prueba-de-acceso-a-ciclos-formativos\/\" \/>\n<meta property=\"og:site_name\" content=\"Pizarra y tiza\" \/>\n<meta property=\"article:published_time\" content=\"2019-04-08T05:53:49+00:00\" \/>\n<meta property=\"og:image\" content=\"https:\/\/i1.wp.com\/pizarraytiza.com\/wp-content\/uploads\/2019\/03\/pizarra6.jpg?fit=2783%2C2373&#038;ssl=1\" \/>\n\t<meta property=\"og:image:width\" content=\"2783\" \/>\n\t<meta property=\"og:image:height\" content=\"2373\" \/>\n<meta name=\"twitter:card\" content=\"summary_large_image\" \/>\n<meta name=\"twitter:label1\" content=\"Escrito por\" \/>\n\t<meta name=\"twitter:data1\" content=\"Editor\" \/>\n<script type=\"application\/ld+json\" class=\"yoast-schema-graph\">{\"@context\":\"https:\/\/schema.org\",\"@graph\":[{\"@type\":\"WebSite\",\"@id\":\"https:\/\/pizarraytiza.com\/#website\",\"url\":\"https:\/\/pizarraytiza.com\/\",\"name\":\"Pizarra y tiza\",\"description\":\"Educaci\\u00f3n y algo m\\u00e1s\",\"publisher\":{\"@id\":\"https:\/\/pizarraytiza.com\/#\/schema\/person\/d540c11cc463e5c1afa59743dfb80eb8\"},\"potentialAction\":[{\"@type\":\"SearchAction\",\"target\":{\"@type\":\"EntryPoint\",\"urlTemplate\":\"https:\/\/pizarraytiza.com\/?s={search_term_string}\"},\"query-input\":\"required name=search_term_string\"}],\"inLanguage\":\"es\"},{\"@type\":\"ImageObject\",\"@id\":\"https:\/\/pizarraytiza.com\/index.php\/2019\/04\/08\/prueba-de-acceso-a-ciclos-formativos\/#primaryimage\",\"inLanguage\":\"es\",\"url\":\"https:\/\/i1.wp.com\/pizarraytiza.com\/wp-content\/uploads\/2019\/03\/pizarra6.jpg?fit=2783%2C2373&ssl=1\",\"contentUrl\":\"https:\/\/i1.wp.com\/pizarraytiza.com\/wp-content\/uploads\/2019\/03\/pizarra6.jpg?fit=2783%2C2373&ssl=1\",\"width\":2783,\"height\":2373},{\"@type\":\"WebPage\",\"@id\":\"https:\/\/pizarraytiza.com\/index.php\/2019\/04\/08\/prueba-de-acceso-a-ciclos-formativos\/#webpage\",\"url\":\"https:\/\/pizarraytiza.com\/index.php\/2019\/04\/08\/prueba-de-acceso-a-ciclos-formativos\/\",\"name\":\"PRUEBA DE ACCESO A CICLOS FORMATIVOS - Pizarra y tiza\",\"isPartOf\":{\"@id\":\"https:\/\/pizarraytiza.com\/#website\"},\"primaryImageOfPage\":{\"@id\":\"https:\/\/pizarraytiza.com\/index.php\/2019\/04\/08\/prueba-de-acceso-a-ciclos-formativos\/#primaryimage\"},\"datePublished\":\"2019-04-08T05:53:49+00:00\",\"dateModified\":\"2019-04-08T05:53:49+00:00\",\"breadcrumb\":{\"@id\":\"https:\/\/pizarraytiza.com\/index.php\/2019\/04\/08\/prueba-de-acceso-a-ciclos-formativos\/#breadcrumb\"},\"inLanguage\":\"es\",\"potentialAction\":[{\"@type\":\"ReadAction\",\"target\":[\"https:\/\/pizarraytiza.com\/index.php\/2019\/04\/08\/prueba-de-acceso-a-ciclos-formativos\/\"]}]},{\"@type\":\"BreadcrumbList\",\"@id\":\"https:\/\/pizarraytiza.com\/index.php\/2019\/04\/08\/prueba-de-acceso-a-ciclos-formativos\/#breadcrumb\",\"itemListElement\":[{\"@type\":\"ListItem\",\"position\":1,\"name\":\"Portada\",\"item\":\"https:\/\/pizarraytiza.com\/\"},{\"@type\":\"ListItem\",\"position\":2,\"name\":\"PRUEBA DE ACCESO A CICLOS FORMATIVOS\"}]},{\"@type\":\"Article\",\"@id\":\"https:\/\/pizarraytiza.com\/index.php\/2019\/04\/08\/prueba-de-acceso-a-ciclos-formativos\/#article\",\"isPartOf\":{\"@id\":\"https:\/\/pizarraytiza.com\/index.php\/2019\/04\/08\/prueba-de-acceso-a-ciclos-formativos\/#webpage\"},\"author\":{\"@id\":\"https:\/\/pizarraytiza.com\/#\/schema\/person\/d540c11cc463e5c1afa59743dfb80eb8\"},\"headline\":\"PRUEBA DE ACCESO A CICLOS FORMATIVOS\",\"datePublished\":\"2019-04-08T05:53:49+00:00\",\"dateModified\":\"2019-04-08T05:53:49+00:00\",\"mainEntityOfPage\":{\"@id\":\"https:\/\/pizarraytiza.com\/index.php\/2019\/04\/08\/prueba-de-acceso-a-ciclos-formativos\/#webpage\"},\"wordCount\":63,\"commentCount\":0,\"publisher\":{\"@id\":\"https:\/\/pizarraytiza.com\/#\/schema\/person\/d540c11cc463e5c1afa59743dfb80eb8\"},\"image\":{\"@id\":\"https:\/\/pizarraytiza.com\/index.php\/2019\/04\/08\/prueba-de-acceso-a-ciclos-formativos\/#primaryimage\"},\"thumbnailUrl\":\"https:\/\/i1.wp.com\/pizarraytiza.com\/wp-content\/uploads\/2019\/03\/pizarra6.jpg?fit=2783%2C2373&ssl=1\",\"articleSection\":[\"NOTICIAS\"],\"inLanguage\":\"es\",\"potentialAction\":[{\"@type\":\"CommentAction\",\"name\":\"Comment\",\"target\":[\"https:\/\/pizarraytiza.com\/index.php\/2019\/04\/08\/prueba-de-acceso-a-ciclos-formativos\/#respond\"]}]},{\"@type\":[\"Person\",\"Organization\"],\"@id\":\"https:\/\/pizarraytiza.com\/#\/schema\/person\/d540c11cc463e5c1afa59743dfb80eb8\",\"name\":\"Editor\",\"image\":{\"@type\":\"ImageObject\",\"@id\":\"https:\/\/pizarraytiza.com\/#personlogo\",\"inLanguage\":\"es\",\"url\":\"https:\/\/i1.wp.com\/pizarraytiza.com\/wp-content\/uploads\/2019\/03\/pizarra6.jpg?fit=2783%2C2373&ssl=1\",\"contentUrl\":\"https:\/\/i1.wp.com\/pizarraytiza.com\/wp-content\/uploads\/2019\/03\/pizarra6.jpg?fit=2783%2C2373&ssl=1\",\"width\":2783,\"height\":2373,\"caption\":\"Editor\"},\"logo\":{\"@id\":\"https:\/\/pizarraytiza.com\/#personlogo\"},\"url\":\"https:\/\/pizarraytiza.com\/index.php\/author\/lgdelreal6971\/\"}]}<\/script>\n<!-- \/ Yoast SEO plugin. -->","yoast_head_json":{"title":"PRUEBA DE ACCESO A CICLOS FORMATIVOS - Pizarra y tiza","robots":{"index":"index","follow":"follow","max-snippet":"max-snippet:-1","max-image-preview":"max-image-preview:large","max-video-preview":"max-video-preview:-1"},"canonical":"https:\/\/pizarraytiza.com\/index.php\/2019\/04\/08\/prueba-de-acceso-a-ciclos-formativos\/","og_locale":"es_ES","og_type":"article","og_title":"PRUEBA DE ACCESO A CICLOS FORMATIVOS - Pizarra y tiza","og_description":"Lunes, 8 de abril. El BOE publica la Resoluci\u00f3n por la que se convoca la...","og_url":"https:\/\/pizarraytiza.com\/index.php\/2019\/04\/08\/prueba-de-acceso-a-ciclos-formativos\/","og_site_name":"Pizarra y tiza","article_published_time":"2019-04-08T05:53:49+00:00","og_image":[{"width":2783,"height":2373,"url":"https:\/\/i1.wp.com\/pizarraytiza.com\/wp-content\/uploads\/2019\/03\/pizarra6.jpg?fit=2783%2C2373&ssl=1","type":"image\/jpeg"}],"twitter_card":"summary_large_image","twitter_misc":{"Escrito por":"Editor"},"schema":{"@context":"https:\/\/schema.org","@graph":[{"@type":"WebSite","@id":"https:\/\/pizarraytiza.com\/#website","url":"https:\/\/pizarraytiza.com\/","name":"Pizarra y tiza","description":"Educaci\u00f3n y algo m\u00e1s","publisher":{"@id":"https:\/\/pizarraytiza.com\/#\/schema\/person\/d540c11cc463e5c1afa59743dfb80eb8"},"potentialAction":[{"@type":"SearchAction","target":{"@type":"EntryPoint","urlTemplate":"https:\/\/pizarraytiza.com\/?s={search_term_string}"},"query-input":"required name=search_term_string"}],"inLanguage":"es"},{"@type":"ImageObject","@id":"https:\/\/pizarraytiza.com\/index.php\/2019\/04\/08\/prueba-de-acceso-a-ciclos-formativos\/#primaryimage","inLanguage":"es","url":"https:\/\/i1.wp.com\/pizarraytiza.com\/wp-content\/uploads\/2019\/03\/pizarra6.jpg?fit=2783%2C2373&ssl=1","contentUrl":"https:\/\/i1.wp.com\/pizarraytiza.com\/wp-content\/uploads\/2019\/03\/pizarra6.jpg?fit=2783%2C2373&ssl=1","width":2783,"height":2373},{"@type":"WebPage","@id":"https:\/\/pizarraytiza.com\/index.php\/2019\/04\/08\/prueba-de-acceso-a-ciclos-formativos\/#webpage","url":"https:\/\/pizarraytiza.com\/index.php\/2019\/04\/08\/prueba-de-acceso-a-ciclos-formativos\/","name":"PRUEBA DE ACCESO A CICLOS FORMATIVOS - Pizarra y tiza","isPartOf":{"@id":"https:\/\/pizarraytiza.com\/#website"},"primaryImageOfPage":{"@id":"https:\/\/pizarraytiza.com\/index.php\/2019\/04\/08\/prueba-de-acceso-a-ciclos-formativos\/#primaryimage"},"datePublished":"2019-04-08T05:53:49+00:00","dateModified":"2019-04-08T05:53:49+00:00","breadcrumb":{"@id":"https:\/\/pizarraytiza.com\/index.php\/2019\/04\/08\/prueba-de-acceso-a-ciclos-formativos\/#breadcrumb"},"inLanguage":"es","potentialAction":[{"@type":"ReadAction","target":["https:\/\/pizarraytiza.com\/index.php\/2019\/04\/08\/prueba-de-acceso-a-ciclos-formativos\/"]}]},{"@type":"BreadcrumbList","@id":"https:\/\/pizarraytiza.com\/index.php\/2019\/04\/08\/prueba-de-acceso-a-ciclos-formativos\/#breadcrumb","itemListElement":[{"@type":"ListItem","position":1,"name":"Portada","item":"https:\/\/pizarraytiza.com\/"},{"@type":"ListItem","position":2,"name":"PRUEBA DE ACCESO A CICLOS FORMATIVOS"}]},{"@type":"Article","@id":"https:\/\/pizarraytiza.com\/index.php\/2019\/04\/08\/prueba-de-acceso-a-ciclos-formativos\/#article","isPartOf":{"@id":"https:\/\/pizarraytiza.com\/index.php\/2019\/04\/08\/prueba-de-acceso-a-ciclos-formativos\/#webpage"},"author":{"@id":"https:\/\/pizarraytiza.com\/#\/schema\/person\/d540c11cc463e5c1afa59743dfb80eb8"},"headline":"PRUEBA DE ACCESO A CICLOS FORMATIVOS","datePublished":"2019-04-08T05:53:49+00:00","dateModified":"2019-04-08T05:53:49+00:00","mainEntityOfPage":{"@id":"https:\/\/pizarraytiza.com\/index.php\/2019\/04\/08\/prueba-de-acceso-a-ciclos-formativos\/#webpage"},"wordCount":63,"commentCount":0,"publisher":{"@id":"https:\/\/pizarraytiza.com\/#\/schema\/person\/d540c11cc463e5c1afa59743dfb80eb8"},"image":{"@id":"https:\/\/pizarraytiza.com\/index.php\/2019\/04\/08\/prueba-de-acceso-a-ciclos-formativos\/#primaryimage"},"thumbnailUrl":"https:\/\/i1.wp.com\/pizarraytiza.com\/wp-content\/uploads\/2019\/03\/pizarra6.jpg?fit=2783%2C2373&ssl=1","articleSection":["NOTICIAS"],"inLanguage":"es","potentialAction":[{"@type":"CommentAction","name":"Comment","target":["https:\/\/pizarraytiza.com\/index.php\/2019\/04\/08\/prueba-de-acceso-a-ciclos-formativos\/#respond"]}]},{"@type":["Person","Organization"],"@id":"https:\/\/pizarraytiza.com\/#\/schema\/person\/d540c11cc463e5c1afa59743dfb80eb8","name":"Editor","image":{"@type":"ImageObject","@id":"https:\/\/pizarraytiza.com\/#personlogo","inLanguage":"es","url":"https:\/\/i1.wp.com\/pizarraytiza.com\/wp-content\/uploads\/2019\/03\/pizarra6.jpg?fit=2783%2C2373&ssl=1","contentUrl":"https:\/\/i1.wp.com\/pizarraytiza.com\/wp-content\/uploads\/2019\/03\/pizarra6.jpg?fit=2783%2C2373&ssl=1","width":2783,"height":2373,"caption":"Editor"},"logo":{"@id":"https:\/\/pizarraytiza.com\/#personlogo"},"url":"https:\/\/pizarraytiza.com\/index.php\/author\/lgdelreal6971\/"}]}},"jetpack_featured_media_url":"https:\/\/i1.wp.com\/pizarraytiza.com\/wp-content\/uploads\/2019\/03\/pizarra6.jpg?fit=2783%2C2373&ssl=1","jetpack_publicize_connections":[],"jetpack_sharing_enabled":true,"jetpack_shortlink":"https:\/\/wp.me\/paQmqe-5K","jetpack-related-posts":[{"id":267,"url":"https:\/\/pizarraytiza.com\/index.php\/2019\/04\/05\/calendario-de-admision-y-matricula-para-la-fp-basica\/","url_meta":{"origin":356,"position":0},"title":"CALENDARIO DE ADMISI\u00d3N Y MATR\u00cdCULA PARA FP","date":"abril 5, 2019","format":false,"excerpt":"Ya se han hecho p\u00fablicos el calendario y el procedimiento de admisi\u00f3n y matr\u00edcula del alumnado en las ense\u00f1anzas de Formaci\u00f3n Profesional B\u00e1sica, de grado medio y de grado superior, en centros p\u00fablicos y centros privados con ciclos formativos sostenidos con fondos p\u00fablicos no universitarios, dirigidos a personas beneficiarias del\u2026","rel":"","context":"En \u00abCOMUNIDAD VALENCIANA\u00bb","img":{"alt_text":"","src":"https:\/\/i0.wp.com\/pizarraytiza.com\/wp-content\/uploads\/2019\/04\/EDUVALENCIA.jpg?fit=1048%2C743&ssl=1&resize=350%2C200","width":350,"height":200},"classes":[]},{"id":561,"url":"https:\/\/pizarraytiza.com\/index.php\/2019\/04\/23\/formacion-profesional-dual-2019-20\/","url_meta":{"origin":356,"position":1},"title":"FORMACI\u00d3N PROFESIONAL DUAL 2019\/20","date":"abril 23, 2019","format":false,"excerpt":"Se convocan\u00a0 proyectos de formaci\u00f3n profesional dual para el 2019\/2020 en todos los centros docentes p\u00fablicos y privados de la Comunidad Aut\u00f3noma de Andaluc\u00eda que participen en esta convocatoria. Las modalidades por las que se podr\u00e1 optar para desarrollar un proyecto de formaci\u00f3n profesional dual ser\u00e1n las siguientes: Art\u00edculo 3.\u2026","rel":"","context":"En \u00abANDALUC\u00cdA\u00bb","img":{"alt_text":"","src":"https:\/\/i2.wp.com\/pizarraytiza.com\/wp-content\/uploads\/2019\/03\/educacionandalucia.jpg?fit=1200%2C800&ssl=1&resize=350%2C200","width":350,"height":200},"classes":[]},{"id":3628,"url":"https:\/\/pizarraytiza.com\/index.php\/2020\/03\/25\/ultima-hora-acuerdos-del-ministerio-de-educacion-y-formacion-profesional\/","url_meta":{"origin":356,"position":2},"title":"\u00daLTIMA HORA: ACUERDOS DEL MINISTERIO DE EDUCACI\u00d3N Y FORMACI\u00d3N PROFESIONAL","date":"marzo 25, 2020","format":false,"excerpt":"Ministerio de Educaci\u00f3n y Formaci\u00f3n Profesional. El Ministerio de Educaci\u00f3n y Formaci\u00f3n Profesional (MEFP) y el Ministerio de Universidades han acordado hoy, junto con las Comunidades Aut\u00f3nomas, que la prueba de Evaluaci\u00f3n de Bachillerato para el Acceso a la Universidad (EBAU) se celebre entre el 22 de junio y el\u2026","rel":"","context":"En \u00abNOTICIAS\u00bb","img":{"alt_text":"","src":"https:\/\/i2.wp.com\/pizarraytiza.com\/wp-content\/uploads\/2019\/09\/CELA\u00c1.jpg?fit=790%2C463&ssl=1&resize=350%2C200","width":350,"height":200},"classes":[]},{"id":3396,"url":"https:\/\/pizarraytiza.com\/index.php\/2020\/02\/28\/pruebas-del-b1-en-ingles-frances-aleman-e-italiano\/","url_meta":{"origin":356,"position":3},"title":"PRUEBAS DEL B1 EN INGL\u00c9S, FRANC\u00c9S, ALEM\u00c1N E ITALIANO","date":"febrero 28, 2020","format":false,"excerpt":"La Consejer\u00eda de Educaci\u00f3n, Cultura y Deportes publica la Resoluci\u00f3n por la que se establecen las condiciones de realizaci\u00f3n de las pruebas espec\u00edficas de certificaci\u00f3n del nivel intermedio B1 en los idiomas alem\u00e1n, franc\u00e9s, ingl\u00e9s e italiano para el alumnado de 4\u00ba de Educaci\u00f3n Secundaria Obligatoria o en el \u00faltimo\u2026","rel":"","context":"En \u00abCASTILLA - LA MANCHA\u00bb","img":{"alt_text":"","src":"https:\/\/i0.wp.com\/pizarraytiza.com\/wp-content\/uploads\/2019\/05\/DOCM.jpg?fit=1200%2C851&ssl=1&resize=350%2C200","width":350,"height":200},"classes":[]},{"id":5453,"url":"https:\/\/pizarraytiza.com\/index.php\/2021\/01\/11\/5453\/","url_meta":{"origin":356,"position":4},"title":"GRATIFICACI\u00d3N PARA LOS TRIBUNALES, COMISIONES Y COORDINADORES DEL PLAN DE ACCI\u00d3N PARA EL EMPLEO JUVENIL","date":"enero 11, 2021","format":false,"excerpt":"La Consejer\u00eda de Educaci\u00f3n, Cultura y Deportes publica la Orden, que modifica la anterior, por la que se regula la gratificaci\u00f3n extraordinaria para el personal docente designado como miembro de tribunales y comisiones de pruebas y como coordinador del Plan de Acci\u00f3n para el Empleo Juvenil. 1. El personal docente\u2026","rel":"","context":"En \u00abCASTILLA - LA MANCHA\u00bb","img":{"alt_text":"","src":"https:\/\/i0.wp.com\/pizarraytiza.com\/wp-content\/uploads\/2019\/05\/DOCM.jpg?fit=1200%2C851&ssl=1&resize=350%2C200","width":350,"height":200},"classes":[]},{"id":3630,"url":"https:\/\/pizarraytiza.com\/index.php\/2020\/03\/26\/marza-soler-y-los-ultimos-acuerdos\/","url_meta":{"origin":356,"position":5},"title":"MARZ\u00c0, SOLER Y LOS \u00daLTIMOS ACUERDOS","date":"marzo 26, 2020","format":false,"excerpt":"De la Web de Conselleria La Conferencia Sectorial de Educaci\u00f3n se ha celebrado este mi\u00e9rcoles convocada por el Ministerio de Educaci\u00f3n y Formaci\u00f3n Profesional con responsables de educaci\u00f3n auton\u00f3micos ante de la situaci\u00f3n excepcional provocada por la crisis sanitaria del coronavirus COVID-19. En esta reuni\u00f3n se han tratado dos temas\u2026","rel":"","context":"En \u00abOFICIAL\u00bb","img":{"alt_text":"","src":"https:\/\/i0.wp.com\/pizarraytiza.com\/wp-content\/uploads\/2020\/02\/Sin-t\u00edtulo-1.jpg?fit=691%2C471&ssl=1&resize=350%2C200","width":350,"height":200},"classes":[]}],"amp_enabled":true,"_links":{"self":[{"href":"https:\/\/pizarraytiza.com\/index.php\/wp-json\/wp\/v2\/posts\/356"}],"collection":[{"href":"https:\/\/pizarraytiza.com\/index.php\/wp-json\/wp\/v2\/posts"}],"about":[{"href":"https:\/\/pizarraytiza.com\/index.php\/wp-json\/wp\/v2\/types\/post"}],"author":[{"embeddable":true,"href":"https:\/\/pizarraytiza.com\/index.php\/wp-json\/wp\/v2\/users\/1"}],"replies":[{"embeddable":true,"href":"https:\/\/pizarraytiza.com\/index.php\/wp-json\/wp\/v2\/comments?post=356"}],"version-history":[{"count":1,"href":"https:\/\/pizarraytiza.com\/index.php\/wp-json\/wp\/v2\/posts\/356\/revisions"}],"predecessor-version":[{"id":357,"href":"https:\/\/pizarraytiza.com\/index.php\/wp-json\/wp\/v2\/posts\/356\/revisions\/357"}],"wp:featuredmedia":[{"embeddable":true,"href":"https:\/\/pizarraytiza.com\/index.php\/wp-json\/wp\/v2\/media\/9"}],"wp:attachment":[{"href":"https:\/\/pizarraytiza.com\/index.php\/wp-json\/wp\/v2\/media?parent=356"}],"wp:term":[{"taxonomy":"category","embeddable":true,"href":"https:\/\/pizarraytiza.com\/index.php\/wp-json\/wp\/v2\/categories?post=356"},{"taxonomy":"post_tag","embeddable":true,"href":"https:\/\/pizarraytiza.com\/index.php\/wp-json\/wp\/v2\/tags?post=356"}],"curies":[{"name":"wp","href":"https:\/\/api.w.org\/{rel}","templated":true}]}}